{"id":66033,"date":"2023-04-05T15:00:59","date_gmt":"2023-04-05T13:00:59","guid":{"rendered":"https:\/\/www.3dnatives.com\/es\/?p=66033"},"modified":"2023-04-05T12:13:25","modified_gmt":"2023-04-05T10:13:25","slug":"crideo-el-primer-marketplace-de-fabricacion-digital-050420232","status":"publish","type":"post","link":"https:\/\/www.3dnatives.com\/es\/crideo-el-primer-marketplace-de-fabricacion-digital-050420232\/","title":{"rendered":"Crideo, el primer marketplace de fabricaci\u00f3n digital"},"content":{"rendered":"<p style=\"text-align: justify;\">Crideo es el primer marketplace de fabricaci\u00f3n digital (impresi\u00f3n 3D, l\u00e1ser, CNC\u2026) donde poder comprar y vender casi cualquier cosa. Desde mostrar tus productos hasta conectar con una comunidad incre\u00edble de clientes, creadores y hasta negocios interesados en tu trabajo, Crideo es la plataforma perfecta para dar a conocer tu talento. Hemos podido hablar con su creador \u00d3scar y le hemos hecho una entrevista que os dejamos a continuaci\u00f3n.<\/p>\n<h3><b>3DN: \u00bfPuedes presen\u00adtarte y contarnos tu relaci\u00f3n con las te\u00adcnolog\u00edas 3D?<\/b><\/h3>\n<p style=\"text-align: justify;\"><span style=\"font-weight: 400;\">Me llamo \u00d3scar Garc\u00eda, pero todo el mundo me conoce por mi otro apellido, Puche. Llevo trabajando en este sector, de una forma u otra desde mi etapa universitaria, donde tuve la incre\u00edble oportunidad de participar en el primer equipo de Formula Student de Canarias, ahora conocidos como <\/span><span style=\"font-weight: 400;\">FSULL Dyamics<\/span><span style=\"font-weight: 400;\">. All\u00ed nos dimos cuenta r\u00e1pidamente de la desventaja que supone construir un monoplaza el\u00e9ctrico desde las islas y c\u00f3mo la fabricaci\u00f3n aditiva no solo permite acceder a materiales y piezas antes imposibles de obtener, sino que tambi\u00e9n agiliza los procesos de prototipado y testeos propios de un equipo de estas caracter\u00edsticas. <\/span><span style=\"font-weight: 400;\">Desde entonces he continuado aplicando estas tecnolog\u00edas en distintos \u00e1mbitos industriales, pero sobre todo trasladando esta revoluci\u00f3n tecnol\u00f3gica al p\u00fablico general gracias a eventos, colaboraciones con organizaciones p\u00fablicas y una constante estrategia de comunicaci\u00f3n. <\/span><span style=\"font-weight: 400;\">El objetivo sigue siendo democratizar el acceso a las herramientas maker y aplicar esta revoluci\u00f3n verticalmente en todos los sectores de la sociedad, desde empresas privadas, p\u00fablicas, ONGs o usuarios convencionales.<\/span><\/p>\n<div id=\"attachment_66043\" style=\"width: 710px\" class=\"wp-caption aligncenter\"><img loading=\"lazy\" decoding=\"async\" aria-describedby=\"caption-attachment-66043\" class=\"wp-image-66043 size-full\" src=\"https:\/\/www.3dnatives.com\/es\/wp-content\/uploads\/sites\/4\/Untitled-design-13-5.jpg\" alt=\"\" width=\"700\" height=\"400\" srcset=\"https:\/\/www.3dnatives.com\/es\/wp-content\/uploads\/sites\/4\/Untitled-design-13-5.jpg 700w, https:\/\/www.3dnatives.com\/es\/wp-content\/uploads\/sites\/4\/Untitled-design-13-5-600x343.jpg 600w, https:\/\/www.3dnatives.com\/es\/wp-content\/uploads\/sites\/4\/Untitled-design-13-5-160x91.jpg 160w\" sizes=\"auto, (max-width: 700px) 100vw, 700px\" \/><p id=\"caption-attachment-66043\" class=\"wp-caption-text\"><i><span style=\"font-weight: 400;\">Cr\u00e9ditos: Crideo<\/span><\/i><\/p><\/div>\n<h3><b>3DN: \u00bfQu\u00e9 es Crideo y c\u00f3mo surgi\u00f3 la id\u00adea de crearlo?<\/b><\/h3>\n<p style=\"text-align: justify;\"><span style=\"font-weight: 400;\">Crideo es el primer marketplace de fabricaci\u00f3n digital, al menos de su categor\u00eda. Nuestra misi\u00f3n es la de conectar a productores locales con clientes, sean del tipo que sean. <\/span><span style=\"font-weight: 400;\">Tenemos muy claro el alto potencial transformador de estas tecnolog\u00edas, no solo en el \u00e1mbito econ\u00f3mico e industrial, sino a nivel social y educativo; queremos poner las tecnolog\u00edas siempre al servicio de las personas. <\/span><span style=\"font-weight: 400;\">El reto a d\u00eda de hoy sigue siendo la inmensa distancia que existe entre un sector en constante innovaci\u00f3n y crecimiento, y el p\u00fablico general que a pesar de tener inter\u00e9s en estas herramientas, no acaba de dar el paso para incluirlas y adaptarlas en su d\u00eda a d\u00eda. <\/span><span style=\"font-weight: 400;\">Esa misma raz\u00f3n nos ha llevado a crear una comunidad, un punto de encuentro donde makers, clientes y en definitiva la industria entera, puedan conocerse y sobre todo generar soluciones a desaf\u00edos concretos gracias a estas herramientas. Pero a pesar de ser una plataforma tan necesaria para este sector, encontrar el equilibrio perfecto para que ambos p\u00fablicos se sientan identificados y atra\u00eddos a la web, es el m\u00e1ximo reto al que hemos decidido enfrentarnos.<\/span><\/p><div class=\"dnati-inside_content\" id=\"dnati-1910407128\"><a data-no-instant=\"1\" href=\"https:\/\/app.swapcard.com\/event\/additiv-defense-2026\" rel=\"noopener\" class=\"a2t-link\" aria-label=\"LB (4)\"><img loading=\"lazy\" decoding=\"async\" src=\"https:\/\/www.3dnatives.com\/es\/wp-content\/uploads\/sites\/4\/LB-4-1.gif\" alt=\"\"  width=\"850\" height=\"150\"   \/><\/a><\/div>\n<h3><b>3DN: \u00bfQu\u00e9 tipo de proyectos en relaci\u00f3n a la fabricaci\u00f3n ad\u00aditiva <\/b><b>hab\u00e9is llevado a ca\u00adbo?<\/b><\/h3>\n<p style=\"text-align: justify;\"><span style=\"font-weight: 400;\">Dentro de esa misi\u00f3n de comunicaci\u00f3n del sector, el proyecto m\u00e1s grande que hemos desarrollado hasta la fecha es el <\/span><span style=\"font-weight: 400;\">I Evento de Fabricaci\u00f3n Digital de Canarias<\/span><span style=\"font-weight: 400;\">, que organizamos junto a la Red CIDE, CEOE Tenerife y el Instituto Tecnol\u00f3gico de Canarias.\u00a0 <\/span><span style=\"font-weight: 400;\">Una jornada hist\u00f3rica en el archipi\u00e9lago donde conseguimos reunir a m\u00e1s de 15 agentes clave de la industria, tanto de Canarias, Pen\u00ednsula e incluso a nivel internacional. <\/span><span style=\"font-weight: 400;\">Durante este acto tuvimos la oportunidad de mostrar de primera mano el potencial de este tipo de tecnolog\u00edas, aplicadas a campos tan diversos como la medicina, la arquitectura, la acci\u00f3n social o la sostenibilidad. <\/span><span style=\"font-weight: 400;\">Este tipo de actividades son clave, no solo como enlace para expandir nuestro abanico de alianzas estrat\u00e9gicas, sino sobre todo para continuar trasladando el trabajo e innovaci\u00f3n diario que se genera en este sector. <\/span><span style=\"font-weight: 400;\">La fabricaci\u00f3n digital y en consecuencia la fabricaci\u00f3n aditiva, es uno de esos sectores donde a pesar de la competitividad que se respira, existe un ambiente de colaboraci\u00f3n y entendimiento pleno que nos diferencia de otro tipo de comunidades; esa es una de las claves para que avancemos m\u00e1s r\u00e1pido como industria. <\/span><span style=\"font-weight: 400;\">Qu\u00e9 mejor prueba de ello que tras este evento, tendremos en las islas una jornada de mayor tama\u00f1o con la feria <\/span><span style=\"font-weight: 400;\">ADIMAKER\u201923<\/span><span style=\"font-weight: 400;\">, organizada por Click Comunicaci\u00f3n y que se celebrar\u00e1 en el Recinto Ferial de Tenerife los d\u00edas 19 y 20 de octubre.\u00a0<\/span><\/p>\n<div id=\"attachment_66047\" style=\"width: 710px\" class=\"wp-caption aligncenter\"><img loading=\"lazy\" decoding=\"async\" aria-describedby=\"caption-attachment-66047\" class=\"wp-image-66047 size-full\" src=\"https:\/\/www.3dnatives.com\/es\/wp-content\/uploads\/sites\/4\/Untitled-design-14-3.jpg\" alt=\"\" width=\"700\" height=\"400\" srcset=\"https:\/\/www.3dnatives.com\/es\/wp-content\/uploads\/sites\/4\/Untitled-design-14-3.jpg 700w, https:\/\/www.3dnatives.com\/es\/wp-content\/uploads\/sites\/4\/Untitled-design-14-3-600x343.jpg 600w, https:\/\/www.3dnatives.com\/es\/wp-content\/uploads\/sites\/4\/Untitled-design-14-3-160x91.jpg 160w\" sizes=\"auto, (max-width: 700px) 100vw, 700px\" \/><p id=\"caption-attachment-66047\" class=\"wp-caption-text\"><i><span style=\"font-weight: 400;\">Cr\u00e9ditos: Crideo<\/span><\/i><\/p><\/div>\n<h3><b>3DN: \u00bfQu\u00e9 beneficios aporta vuestro mar\u00adketplace a los usuar\u00adios? \u00bfV\u00e9is <\/b><b>alguna limitaci\u00f3n en la impresi\u00f3n 3D y las tecnolog\u00edas de fabricaci\u00f3n <\/b><b>digital?<\/b><\/h3>\n<p style=\"text-align: justify;\"><span style=\"font-weight: 400;\">El objetivo de <\/span><span style=\"font-weight: 400;\">Crideo <\/span><span style=\"font-weight: 400;\">es servir de nexo; unir a esta industria con cualquier tipo de cliente, y queremos conseguir que ese proceso sea f\u00e1cil, r\u00e1pido y seguro; tanto para makers como para el cliente final. A trav\u00e9s de herramientas como la gesti\u00f3n de tiendas virtuales, seguimiento de pedidos, un sistema completo de garant\u00edas y facturas entre otras opciones, ofrecemos un espacio de colaboraci\u00f3n en el que poder desarrollar nuevas ideas y productos de manera continua. <\/span><span style=\"font-weight: 400;\">Ahora, teniendo en cuenta las limitaciones tecnol\u00f3gicas actuales, debemos tener en cuenta factores como el tiempo de fabricaci\u00f3n, precio de las piezas o volumen de producci\u00f3n para crear procesos de elaboraci\u00f3n distintos y que no supongan una desventaja ante las soluciones tradicionales. Estos desaf\u00edos son parte del ecosistema innovador dentro de esta industria y por tanto es solo cuesti\u00f3n de tiempo hasta que dejemos de considerarlos como problemas. <\/span><span style=\"font-weight: 400;\">Pero sin duda el gran obst\u00e1culo de este sector sigue siendo a d\u00eda de hoy el desconocimiento de estas tecnolog\u00edas y c\u00f3mo no, la falta de reconocimiento a nivel institucional. <\/span><span style=\"font-weight: 400;\">Queremos que el resto del ecosistema empresarial nos acompa\u00f1e en esta aventura, y que juntos, recojamos los frutos de esta revoluci\u00f3n tecnol\u00f3gica que construimos entre todos. <\/span><span style=\"font-weight: 400;\">Esta colaboraci\u00f3n es especialmente evidente por ejemplo, gracias al constante trabajo y cooperaci\u00f3n con empresas como <\/span><span style=\"font-weight: 400;\">Garhem 3D<\/span><span style=\"font-weight: 400;\">, la mayor granja de impresoras 3D en el archipi\u00e9lago y pionera en este sector en las islas.<\/span><\/p>\n<div id=\"attachment_66049\" style=\"width: 710px\" class=\"wp-caption aligncenter\"><img loading=\"lazy\" decoding=\"async\" aria-describedby=\"caption-attachment-66049\" class=\"wp-image-66049 size-full\" src=\"https:\/\/www.3dnatives.com\/es\/wp-content\/uploads\/sites\/4\/Untitled-design-15-2.jpg\" alt=\"\" width=\"700\" height=\"400\" srcset=\"https:\/\/www.3dnatives.com\/es\/wp-content\/uploads\/sites\/4\/Untitled-design-15-2.jpg 700w, https:\/\/www.3dnatives.com\/es\/wp-content\/uploads\/sites\/4\/Untitled-design-15-2-600x343.jpg 600w, https:\/\/www.3dnatives.com\/es\/wp-content\/uploads\/sites\/4\/Untitled-design-15-2-160x91.jpg 160w\" sizes=\"auto, (max-width: 700px) 100vw, 700px\" \/><p id=\"caption-attachment-66049\" class=\"wp-caption-text\"><i><span style=\"font-weight: 400;\">Cr\u00e9ditos: Garhem 3D<\/span><\/i><\/p><\/div>\n<h3><b>3DN: \u00bfPuedes contar\u00adnos alg\u00fan caso de \u00e9x\u00adito en el que hay\u00e1is participado?<\/b><\/h3>\n<p style=\"text-align: justify;\"><span style=\"font-weight: 400;\">A pesar de ser un sector que a nivel nacional sigue sin estar en primera plana, hemos contado con una muy buena aceptaci\u00f3n y reconocimiento tanto por parte del ecosistema innovador como del empresarial.\u00a0<\/span><span style=\"font-weight: 400;\">Durante este viaje hemos acumulado galardones de instituciones nacionales como la Universidad de La Laguna, Mentor Day o EOI entre otras. Sin embargo formar parte de la lista de <\/span><span style=\"font-weight: 400;\">casos de \u00e9xito RED CIDE<\/span><span style=\"font-weight: 400;\"> dentro del Gobierno de Canarias, es a d\u00eda de hoy uno de nuestros hitos m\u00e1s destacados, y la semilla para poder seguir impulsando este sector en las islas.<\/span><\/p>\n<h3><b>3DN: \u00bfUnas \u00faltimas palabras para los le\u00adctores?<\/b><\/h3>\n<p style=\"text-align: justify;\"><span style=\"font-weight: 400;\">Esperamos que esta entrevista llegue a manos, no solo de la comunidad maker, sino que podamos compartir con el p\u00fablico externo esta incre\u00edble revoluci\u00f3n que estamos viviendo. <\/span><span style=\"font-weight: 400;\">Nos encontramos en el momento perfecto para que entre todos los agentes clave, fundemos las bases de esta transformaci\u00f3n tecnol\u00f3gica y la apliquemos verticalmente a lo largo y ancho de la sociedad. <\/span><span style=\"font-weight: 400;\">Durante los pr\u00f3ximos 5-10 a\u00f1os, veremos c\u00f3mo estas herramientas son capaces de solucionar cientos de problemas cotidianos, adem\u00e1s de expandir el abanico creativo mientras desarrollamos productos y soluciones innovadoras; pero todo esto pasa por contar con una participaci\u00f3n ciudadana efectiva. <\/span><span style=\"font-weight: 400;\">Desde <\/span><a href=\"https:\/\/crideo.es\/\"><span style=\"font-weight: 400;\">Crideo<\/span><\/a><span style=\"font-weight: 400;\">, queremos fabricar un futuro junto a ustedes, un futuro transformador y sobre todo respetuoso con aquello que m\u00e1s nos importa, las personas y el medioambiente.<\/span><\/p>\n<p class=\"p1\" style=\"text-align: justify;\">\u00bfQu\u00e9 opinas sobre Crideo, el primer marketplace de fabricaci\u00f3n digital? Deja tus comentarios en nuestras redes sociales: <a href=\"https:\/\/www.facebook.com\/3Dnativeses\/?ref=hl\"><span class=\"s1\">Facebook<\/span><\/a>, <a href=\"https:\/\/twitter.com\/3Dnatives_ES\"><span class=\"s1\">Twitter<\/span><\/a>, <a href=\"https:\/\/www.youtube.com\/channel\/UCo9ZtHB24te-z7AMWTL92MA\/featured\"><span class=\"s1\">Youtube<\/span><\/a> y <a href=\"https:\/\/www.3dnatives.com\/es\/feed\/\"><span class=\"s1\">RSS<\/span><\/a>. Sigue toda la informaci\u00f3n sobre impresi\u00f3n 3D en nuestra <a href=\"https:\/\/www.3dnatives.com\/es\/newsletter-impresion-3d\/\"><span class=\"s1\">Newsletter semanal<\/span><\/a>.<\/p>\n<p><i><span style=\"font-weight: 400;\">*Cr\u00e9ditos foto de portada: Crideo<\/span><\/i><\/p>\n","protected":false},"excerpt":{"rendered":"<p>Crideo es el primer marketplace de fabricaci\u00f3n digital (impresi\u00f3n 3D, l\u00e1ser, CNC\u2026) donde poder comprar y vender casi cualquier cosa. Desde mostrar tus productos hasta conectar con una comunidad incre\u00edble de clientes, creadores y hasta negocios interesados en tu trabajo,&hellip;<\/p>\n","protected":false},"author":6098,"featured_media":66042,"comment_status":"open","ping_status":"open","sticky":false,"template":"","format":"standard","meta":{"_acf_changed":false,"content-type":"","footnotes":""},"categories":[16,10],"tags":[],"class_list":["post-66033","post","type-post","status-publish","format-standard","has-post-thumbnail","hentry","category-actualidad","category-entrevistas"],"acf":[],"_links":{"self":[{"href":"https:\/\/www.3dnatives.com\/es\/wp-json\/wp\/v2\/posts\/66033","targetHints":{"allow":["GET"]}}],"collection":[{"href":"https:\/\/www.3dnatives.com\/es\/wp-json\/wp\/v2\/posts"}],"about":[{"href":"https:\/\/www.3dnatives.com\/es\/wp-json\/wp\/v2\/types\/post"}],"author":[{"embeddable":true,"href":"https:\/\/www.3dnatives.com\/es\/wp-json\/wp\/v2\/users\/6098"}],"replies":[{"embeddable":true,"href":"https:\/\/www.3dnatives.com\/es\/wp-json\/wp\/v2\/comments?post=66033"}],"version-history":[{"count":2,"href":"https:\/\/www.3dnatives.com\/es\/wp-json\/wp\/v2\/posts\/66033\/revisions"}],"predecessor-version":[{"id":66050,"href":"https:\/\/www.3dnatives.com\/es\/wp-json\/wp\/v2\/posts\/66033\/revisions\/66050"}],"wp:featuredmedia":[{"embeddable":true,"href":"https:\/\/www.3dnatives.com\/es\/wp-json\/wp\/v2\/media\/66042"}],"wp:attachment":[{"href":"https:\/\/www.3dnatives.com\/es\/wp-json\/wp\/v2\/media?parent=66033"}],"wp:term":[{"taxonomy":"category","embeddable":true,"href":"https:\/\/www.3dnatives.com\/es\/wp-json\/wp\/v2\/categories?post=66033"},{"taxonomy":"post_tag","embeddable":true,"href":"https:\/\/www.3dnatives.com\/es\/wp-json\/wp\/v2\/tags?post=66033"}],"curies":[{"name":"wp","href":"https:\/\/api.w.org\/{rel}","templated":true}]}}