{"id":52080,"date":"2021-05-06T15:30:46","date_gmt":"2021-05-06T13:30:46","guid":{"rendered":"https:\/\/www.3dnatives.com\/es\/?p=52080"},"modified":"2021-05-06T17:19:13","modified_gmt":"2021-05-06T15:19:13","slug":"resumen-additiv-movilidad-cifras-060520212","status":"publish","type":"post","link":"https:\/\/www.3dnatives.com\/es\/resumen-additiv-movilidad-cifras-060520212\/","title":{"rendered":"Resumen de ADDITIV Movilidad: \u00bfcu\u00e1les son las estad\u00edsticas del evento?"},"content":{"rendered":"<p style=\"text-align: justify;\"><span style=\"font-weight: 400;\">Una semana despu\u00e9s de <a href=\"https:\/\/www.additiv.events\/movilidad\">ADDITIV Movilidad<\/a>, que finaliz\u00f3 el pasado 28 de abril de 2021, os traemos algunas cifras de lo que fue el encuentro virtual. Con alrededor de 1000 inscritos, 36 stands virtuales y 21 ponentes, est\u00e1 claro que la fabricaci\u00f3n aditiva tiene gran potencial de crecimiento en el sector del transporte. Tuvimos expertos de las 4 principales industrias de la movilidad: ferroviaria, automotriz, naval y aeron\u00e1utica. Los buenos resultados de ADDITIV han puesto de manifiesto la importancia de los eventos virtuales durante estos tiempos que estamos viviendo, ya que las empresas y usuarios del sector todav\u00eda quieren reunirse y aprender en conjunto. Hoy queremos destacar algunas <strong>cifras obtenidas en ADDITIV Movilidad<\/strong> para tener una perspectiva m\u00e1s amplia de lo que fue el evento, \u00a1no te lo pierdas!<\/span><\/p>\n<p style=\"text-align: justify;\"><span style=\"font-weight: 400;\">Durante las dos jornadas los participantes pudieron visitar los 4 pisos de la feria y conocer a los distintos expositores, ya fueran fabricantes de m\u00e1quinas, materiales, distribuidores de equipos, desarrolladores de software, centros tecnol\u00f3gicos e incluso servicios de impresi\u00f3n 3D ligados al transporte. En total hubo una media de 170 &#8211; 200 personas conectadas en directo para disfrutar del encuentro 3D, llegando a tener hasta 370 usuarios que se conectaron en total cada d\u00eda. Adem\u00e1s, los diferentes expositores, 36 en total, estuvieron en sus stands listos para dar a conocer sus productos y servicios a los visitantes, as\u00ed como compartir conocimientos sobre la industria de la movilidad.<\/span><\/p>\n<p><img loading=\"lazy\" decoding=\"async\" class=\"aligncenter wp-image-52082 size-full\" src=\"https:\/\/www.3dnatives.com\/es\/wp-content\/uploads\/sites\/4\/AM-Figures1.jpg\" alt=\"ADDITIV Movilidad cifras\" width=\"700\" height=\"400\" srcset=\"https:\/\/www.3dnatives.com\/es\/wp-content\/uploads\/sites\/4\/AM-Figures1.jpg 700w, https:\/\/www.3dnatives.com\/es\/wp-content\/uploads\/sites\/4\/AM-Figures1-600x343.jpg 600w, https:\/\/www.3dnatives.com\/es\/wp-content\/uploads\/sites\/4\/AM-Figures1-160x91.jpg 160w\" sizes=\"auto, (max-width: 700px) 100vw, 700px\" \/><\/p>\n<h3 style=\"text-align: justify;\">Una experiencia de usuario satisfactoria<\/h3>\n<p style=\"text-align: justify;\"><span style=\"font-weight: 400;\">Por lo general, todos los asistentes del evento quedaron muy satisfechos con la organizaci\u00f3n del evento. Las cifras recopiladas de ADDITIV Movilidad se\u00f1alan que el 85% de personas volver\u00eda a estar en un encuentro virtual, y muchos de ellos recomendar\u00edan a su entorno participar en una feria as\u00ed. El 75% no tuvo problemas t\u00e9cnicos y pudieron disfrutar sin problemas de la feria. A diferencia de la primera edici\u00f3n de <a href=\"https:\/\/www.3dnatives.com\/es\/additiv-digital-estadisticas-jornada-virtual-290920202\/\">ADDITIV digital Espa\u00f1a<\/a>, que tuvo lugar en septiembre, los usuarios afirman que prefieren el formato por el que se ha optado en ADDITIV Movilidad: dos medias jornadas de menos horas. Incluso muchos de ellos prefieren asistir a encuentros de unas pocas horas en las que se concentren m\u00e1s las sesiones para poder compatibilizarlo con su rutina.\u00a0<\/span><\/p><div class=\"dnati-inside_content\" id=\"dnati-74839093\"><a data-no-instant=\"1\" href=\"https:\/\/app.swapcard.com\/event\/additiv-defense-2026\" rel=\"noopener\" class=\"a2t-link\" aria-label=\"LB (4)\"><img loading=\"lazy\" decoding=\"async\" src=\"https:\/\/www.3dnatives.com\/es\/wp-content\/uploads\/sites\/4\/LB-4-1.gif\" alt=\"\"  width=\"850\" height=\"150\"   \/><\/a><\/div>\n<p style=\"text-align: justify;\"><span style=\"font-weight: 400;\">En adici\u00f3n a esto, los participantes han quedado muy contentos con el contenido de las conferencias y workshops, as\u00ed como la profesionalidad de los ponentes y sus conocimientos. Uno de estos speakers fue Jos\u00e9 Ram\u00f3n Blasco, responsable de fabricaci\u00f3n aditiva en AIDIMME, que nos ha dicho: <\/span><i><span style=\"font-weight: 400;\">\u201cADDITIV Movilidad ha sido un evento para compartir experiencias y enfoques de c\u00f3mo obtener provecho de la fabricaci\u00f3n aditiva, he visto mucho nivel en los participantes y una organizaci\u00f3n impecable. En general, hay que pensar que en el \u00faltimo a\u00f1o hay hartazgo de eventos virtuales por ello para m\u00ed la clave es que los eventos que se propongan sean de nivel, pocos pero buenos, y en vuestro caso lo hab\u00e9is conseguido\u201d<\/span><\/i><span style=\"font-weight: 400;\">.<\/span><\/p>\n<p style=\"text-align: center;\"><iframe loading=\"lazy\" title=\"YouTube video player\" src=\"https:\/\/www.youtube.com\/embed\/b_NXXbiBytI\" width=\"700\" height=\"400\" frameborder=\"0\" allowfullscreen=\"allowfullscreen\"><\/iframe><\/p>\n<h3 style=\"text-align: justify;\">Perfiles muy diversos<\/h3>\n<p style=\"text-align: justify;\"><span style=\"font-weight: 400;\">En lo referente al perfil de los participantes es evidente que, a pesar de ser un evento centrado en el sector de transporte, la diversidad estuvo presente. El 18% eran empresas que ofrec\u00edan servicios de impresi\u00f3n 3D, un 16,4% pertenec\u00eda a la industria 3D, otro 15,6% eran fabricantes de m\u00e1quinas, el 13,1% de ellos trabajaba en el sector aeroespacial, mientras que un 9,8% se dedica a la automoci\u00f3n y un 4,9% trabaja en los sectores naval y ferroviario. En cuanto a la funci\u00f3n ocupada por los asistentes, el 19% eran ingenieros, mientras que el 15% ten\u00eda un puesto entorno a los negocios (ventas, marketing, etc.); por otro lado encontramos un 12% con trabajos relacionados con aplicaciones concretas y de desarrollo as\u00ed como un 9,4% dedicados a la educaci\u00f3n e investigaci\u00f3n y un 9% de personas que tienen un puesto de direcci\u00f3n general.\u00a0<\/span><\/p>\n<p style=\"text-align: justify;\"><span style=\"font-weight: 400;\">Entre algunos testimonios que hemos recibido, destacamos uno an\u00f3nimo que dice: <\/span><i><span style=\"font-weight: 400;\">\u201cA pesar de no pertenecer al sector las conferencias sobre impresi\u00f3n 3D son muy interesantes e instructivas\u201d<\/span><\/i><span style=\"font-weight: 400;\">. Sin duda esto demuestra que, no necesariamente debes de pertenecer al sector de la movilidad para interesarte por el potencial que tiene la fabricaci\u00f3n aditiva en la industria. Por \u00faltimo, esperamos poder seguir ofreciendo este tipo de ferias virtuales para poder compartir conocimientos y experiencias que permitan impulsar el \u00e1mbito 3D. Si te has perdido alguna de las conferencias o workshops, no dudes en ver las grabaciones en <a href=\"https:\/\/www.youtube.com\/playlist?list=PL_1ejRXPM70koOy3ANfuWanwaKaP52bWW\" target=\"_blank\" rel=\"noopener noreferrer\">esta playlist<\/a>. \u00a1Nos vemos en la pr\u00f3xima!<\/span><\/p>\n<p><img loading=\"lazy\" decoding=\"async\" class=\"size-full wp-image-52090 aligncenter\" src=\"https:\/\/www.3dnatives.com\/es\/wp-content\/uploads\/sites\/4\/Disen\u0303o-sin-ti\u0301tulo-2-1-e1620314225798.jpg\" alt=\"\" width=\"701\" height=\"400\" srcset=\"https:\/\/www.3dnatives.com\/es\/wp-content\/uploads\/sites\/4\/Disen\u0303o-sin-ti\u0301tulo-2-1-e1620314225798.jpg 701w, https:\/\/www.3dnatives.com\/es\/wp-content\/uploads\/sites\/4\/Disen\u0303o-sin-ti\u0301tulo-2-1-e1620314225798-600x342.jpg 600w, https:\/\/www.3dnatives.com\/es\/wp-content\/uploads\/sites\/4\/Disen\u0303o-sin-ti\u0301tulo-2-1-e1620314225798-160x91.jpg 160w\" sizes=\"auto, (max-width: 701px) 100vw, 701px\" \/><\/p>\n<p>\u00bfQu\u00e9 piensas de las cifras obtenidas en ADDITIV Movilidad? Deja tus comentarios en nuestras redes sociales: <a href=\"https:\/\/www.facebook.com\/3Dnativeses\/?ref=hl\" target=\"_blank\" rel=\"noopener noreferrer\">Facebook<\/a>, <a href=\"https:\/\/twitter.com\/3Dnatives_ES\" target=\"_blank\" rel=\"noopener noreferrer\">Twitter<\/a>, <a href=\"https:\/\/www.youtube.com\/channel\/UCo9ZtHB24te-z7AMWTL92MA\/featured\" target=\"_blank\" rel=\"noopener noreferrer\">Youtube<\/a> y <a href=\"https:\/\/www.3dnatives.com\/es\/feed\/\" target=\"_blank\" rel=\"noopener noreferrer\">RSS<\/a>. Sigue toda la informaci\u00f3n sobre impresi\u00f3n 3D en nuestra <a href=\"https:\/\/www.3dnatives.com\/es\/newsletter-impresion-3d\/\" target=\"_blank\" rel=\"noopener noreferrer\">Newsletter semanal<\/a>.<\/p>\n","protected":false},"excerpt":{"rendered":"<p>Una semana despu\u00e9s de ADDITIV Movilidad, que finaliz\u00f3 el pasado 28 de abril de 2021, os traemos algunas cifras de lo que fue el encuentro virtual. Con alrededor de 1000 inscritos, 36 stands virtuales y 21 ponentes, est\u00e1 claro que&hellip;<\/p>\n","protected":false},"author":6070,"featured_media":52081,"comment_status":"open","ping_status":"open","sticky":false,"template":"","format":"standard","meta":{"_acf_changed":false,"content-type":"","footnotes":""},"categories":[16,8],"tags":[],"class_list":["post-52080","post","type-post","status-publish","format-standard","has-post-thumbnail","hentry","category-actualidad","category-negocios"],"acf":[],"_links":{"self":[{"href":"https:\/\/www.3dnatives.com\/es\/wp-json\/wp\/v2\/posts\/52080","targetHints":{"allow":["GET"]}}],"collection":[{"href":"https:\/\/www.3dnatives.com\/es\/wp-json\/wp\/v2\/posts"}],"about":[{"href":"https:\/\/www.3dnatives.com\/es\/wp-json\/wp\/v2\/types\/post"}],"author":[{"embeddable":true,"href":"https:\/\/www.3dnatives.com\/es\/wp-json\/wp\/v2\/users\/6070"}],"replies":[{"embeddable":true,"href":"https:\/\/www.3dnatives.com\/es\/wp-json\/wp\/v2\/comments?post=52080"}],"version-history":[{"count":2,"href":"https:\/\/www.3dnatives.com\/es\/wp-json\/wp\/v2\/posts\/52080\/revisions"}],"predecessor-version":[{"id":52091,"href":"https:\/\/www.3dnatives.com\/es\/wp-json\/wp\/v2\/posts\/52080\/revisions\/52091"}],"wp:featuredmedia":[{"embeddable":true,"href":"https:\/\/www.3dnatives.com\/es\/wp-json\/wp\/v2\/media\/52081"}],"wp:attachment":[{"href":"https:\/\/www.3dnatives.com\/es\/wp-json\/wp\/v2\/media?parent=52080"}],"wp:term":[{"taxonomy":"category","embeddable":true,"href":"https:\/\/www.3dnatives.com\/es\/wp-json\/wp\/v2\/categories?post=52080"},{"taxonomy":"post_tag","embeddable":true,"href":"https:\/\/www.3dnatives.com\/es\/wp-json\/wp\/v2\/tags?post=52080"}],"curies":[{"name":"wp","href":"https:\/\/api.w.org\/{rel}","templated":true}]}}