{"id":31381,"date":"2017-10-25T00:04:07","date_gmt":"2017-10-24T22:04:07","guid":{"rendered":"https:\/\/www.3dnatives.com\/es\/?p=31381"},"modified":"2018-09-06T10:32:00","modified_gmt":"2018-09-06T08:32:00","slug":"impresion-3d-en-los-colegios-251020172","status":"publish","type":"post","link":"https:\/\/www.3dnatives.com\/es\/impresion-3d-en-los-colegios-251020172\/","title":{"rendered":"La importancia de incorporar la impresi\u00f3n 3D en los colegios"},"content":{"rendered":"<p style=\"text-align: justify;\">El d\u00eda de hoy da comienzo SIMO Educaci\u00f3n la feria espa\u00f1ola que muestra el futuro y la evoluci\u00f3n de la educaci\u00f3n, futuro en el que incorporar la impresi\u00f3n 3D en los colegios ha llegado a tener una posici\u00f3n prioritaria en la formaci\u00f3n de los ni\u00f1os, ya que ser\u00e1 la responsable de preparar a los profesionales del futuro<\/p>\n<p style=\"text-align: justify;\">Esta semana y con motivo del evento hemos hablado con Rub\u00e9n Garc\u00eda, CEO de CoLiDo Ib\u00e9rica y precursor del proyecto <a href=\"http:\/\/colido.es\/aula-3d\" target=\"_blank\" rel=\"noopener\">AULA 3D<\/a>, encargada de llevar centros de impresi\u00f3n 3D a las aulas espa\u00f1olas. Rub\u00e9n nos cuenta la importancia de la incorporaci\u00f3n de las nuevas tecnolog\u00edas dentro del plan de estudios y cu\u00e1les son los pasos a seguir para conseguirlo.<\/p>\n<div id=\"attachment_31451\" style=\"width: 226px\" class=\"wp-caption alignleft\"><img loading=\"lazy\" decoding=\"async\" aria-describedby=\"caption-attachment-31451\" class=\"wp-image-31451\" src=\"https:\/\/www.3dnatives.com\/es\/wp-content\/uploads\/sites\/4\/Rube\u0301n-Garci\u0301a-002.jpg\" alt=\"\" width=\"216\" height=\"244\" srcset=\"https:\/\/www.3dnatives.com\/es\/wp-content\/uploads\/sites\/4\/Rube\u0301n-Garci\u0301a-002.jpg 720w, https:\/\/www.3dnatives.com\/es\/wp-content\/uploads\/sites\/4\/Rube\u0301n-Garci\u0301a-002-265x300.jpg 265w, https:\/\/www.3dnatives.com\/es\/wp-content\/uploads\/sites\/4\/Rube\u0301n-Garci\u0301a-002-160x181.jpg 160w\" sizes=\"auto, (max-width: 216px) 100vw, 216px\" \/><p id=\"caption-attachment-31451\" class=\"wp-caption-text\">Rub\u00e9n Garc\u00eda, CEO de International Technology 3D Printers<\/p><\/div>\n<h4>3DN: \u00bfTe puedes presentar y hablarnos de tu relaci\u00f3n profesional con la impresi\u00f3n 3D?<\/h4>\n<p style=\"text-align: justify;\">Soy Rub\u00e9n Garc\u00eda, CEO de International Technology 3D Printers, importador exclusivo de los productos CoLiDo para Espa\u00f1a y Portugal. Nuestra relaci\u00f3n con la impresi\u00f3n 3D comenz\u00f3 hace cuatro a\u00f1os a trav\u00e9s de nuestro grupo de empresas, con el objetivo de poder ofrecer las \u00faltimas soluciones tecnol\u00f3gicas a nuestros clientes. En un principio empezamos como distribuidores de otras marcas hasta que, a mediados de 2015, Print-Rite, matriz y fabricante de CoLiDo se puso en contacto con nosotros para ofrecernos la exclusividad de su marca en nuestro pa\u00eds.<\/p><div class=\"dnati-inside_content\" id=\"dnati-481610016\"><a data-no-instant=\"1\" href=\"https:\/\/app.swapcard.com\/event\/additiv-defense-2026\" rel=\"noopener\" class=\"a2t-link\" aria-label=\"LB (4)\"><img loading=\"lazy\" decoding=\"async\" src=\"https:\/\/www.3dnatives.com\/es\/wp-content\/uploads\/sites\/4\/LB-4-1.gif\" alt=\"\"  width=\"850\" height=\"150\"   \/><\/a><\/div>\n<h4 style=\"text-align: justify;\">3DN: \u00bfCu\u00e1l crees que es la importancia de incorporar la impresi\u00f3n 3D en los colegios desde temprana edad?<\/h4>\n<p style=\"text-align: justify;\">Las impresoras 3D son una de las mejores herramientas pedag\u00f3gicas que se han incorporado a los centros educativos en los \u00faltimos a\u00f1os. Estamos ante una tecnolog\u00eda que nos permite visualizar y tocar elementos que de otra manera ser\u00eda imposible. Conceptos abstractos y tridimensionales matem\u00e1ticos, reproducci\u00f3n de monumentos antiguos, maquetas de f\u00f3siles, de huesos, de \u00f3rganos, etc\u2026<\/p>\n<p style=\"text-align: justify;\">Un equipamiento que, con un buen uso educativo, nos permite una interacci\u00f3n directa alumno-profesor con el enriquecimiento en la metodolog\u00eda que esto conlleva. Precisamente son, en este contexto, los alumnos m\u00e1s peque\u00f1os los que mayor rendimiento pueden obtener de contar entre sus manos con una reproducci\u00f3n fidedigna del concepto estudiado en una asignatura.<\/p>\n<p><img loading=\"lazy\" decoding=\"async\" class=\"aligncenter size-full wp-image-31449\" src=\"https:\/\/www.3dnatives.com\/es\/wp-content\/uploads\/sites\/4\/article_Aula3D1.jpg\" alt=\"\" width=\"700\" height=\"400\" srcset=\"https:\/\/www.3dnatives.com\/es\/wp-content\/uploads\/sites\/4\/article_Aula3D1.jpg 700w, https:\/\/www.3dnatives.com\/es\/wp-content\/uploads\/sites\/4\/article_Aula3D1-300x171.jpg 300w, https:\/\/www.3dnatives.com\/es\/wp-content\/uploads\/sites\/4\/article_Aula3D1-160x91.jpg 160w\" sizes=\"auto, (max-width: 700px) 100vw, 700px\" \/><\/p>\n<h4 style=\"text-align: justify;\">3DN: En tu opini\u00f3n, \u00bfcu\u00e1les crees que son los pasos a seguir para un colegio y los docentes que quieran incorporar las tecnolog\u00edas 3D dentro de sus asignaturas?<\/h4>\n<p style=\"text-align: justify;\">Lo primero que tiene que hacer un responsable de un centro educativo es preguntarse para qu\u00e9 quiere de una impresora 3D. Qu\u00e9 objetivo busca. Tiene que responderse a una cuesti\u00f3n muy sencilla; \u00bfqu\u00e9 uso le voy a dar a la impresora 3D? Ya te anticipo que CoLiDo es la \u00fanica marca que va a poder asesorar y dar una respuesta global a estas preguntas.<\/p>\n<p style=\"text-align: justify;\">A continuaci\u00f3n, tiene que analizar el mercado. Ver qu\u00e9 me ofrecen los distintos fabricantes. En este punto en CoLiDo somos los \u00fanicos que podemos ofrecer <a href=\"https:\/\/www.3dnatives.com\/es\/3D-compare?%2Bslug=colido&amp;--prix_e=&amp;-%2Bprix_e=&amp;--l_max_impression=&amp;--w_max_impression=&amp;--h_max_impression=&amp;-%2Bepaisseur_min_impression=&amp;technologie=&amp;fabricant_id=\">equipos especialmente dise\u00f1ados para el sector educativo<\/a>. Impresoras 3D como la <a href=\"https:\/\/www.3dnatives.com\/es\/3D-compare\/imprimante\/colido-compact\">CoLiDo Compact <\/a>o la CoLiDo 3.0, que cuentan con un dise\u00f1o espec\u00edfico, gracias a su estructura de metacrilato el docente-alumno puede visualizar el proceso de fabricaci\u00f3n desde cualquier \u00e1ngulo. Adem\u00e1s, son las m\u00e1s silenciosas del mercado lo que las convierten en la mejor alternativa para el trabajo en sitios cerrados. Todas las impresoras 3D de la marca cuentan con una tecnolog\u00eda exclusiva que permite la impresi\u00f3n 3D sin lacas ni adhesivos para la fijaci\u00f3n de la pieza a la base. Evitamos las molestias habituales del uso de las lacas en un ambiente cerrado (olores, escozor, irritaciones,\u2026) sino que permite que la pieza impresa se pueda retirar de una manera f\u00e1cil y sin esfuerzo, evitando la rotura de la misma.<\/p>\n<p><img loading=\"lazy\" decoding=\"async\" class=\"aligncenter size-full wp-image-31457\" src=\"https:\/\/www.3dnatives.com\/es\/wp-content\/uploads\/sites\/4\/article_Aula3D5.jpg\" alt=\"\" width=\"700\" height=\"400\" srcset=\"https:\/\/www.3dnatives.com\/es\/wp-content\/uploads\/sites\/4\/article_Aula3D5.jpg 700w, https:\/\/www.3dnatives.com\/es\/wp-content\/uploads\/sites\/4\/article_Aula3D5-300x171.jpg 300w, https:\/\/www.3dnatives.com\/es\/wp-content\/uploads\/sites\/4\/article_Aula3D5-160x91.jpg 160w\" sizes=\"auto, (max-width: 700px) 100vw, 700px\" \/><\/p>\n<p style=\"text-align: justify;\">Adem\u00e1s hay que ver el valor a\u00f1adido que se ofrece. En nuestro caso opinamos que el pilar sobre el que se tiene que basar el uso de cualquier elemento tecnol\u00f3gico es el de la formaci\u00f3n. Un elemento que, en el caso de la impresi\u00f3n 3D, cobra especial relevancia debido a sus caracter\u00edsticas espec\u00edficas. Por ese motivo en nuestra empresa apostamos por la formaci\u00f3n al usuario como un elemento diferenciador en cualquier proyecto.<\/p>\n<p style=\"text-align: justify;\">El resumen de todo lo anterior en International Technology 3D Printers lo hemos plasmado en un proyecto, una idea disruptiva que nos diferencia del resto para implementar la impresi\u00f3n 3D en los colegios. Es lo que conocemos como AULA 3D.<\/p>\n<h4 style=\"text-align: justify;\">3DN: Cu\u00e9ntanos, \u00bfqu\u00e9 es Aula 3D y qu\u00e9 impacto est\u00e1 teniendo dentro de los colegios espa\u00f1oles?<\/h4>\n<p style=\"text-align: justify;\">El <a href=\"http:\/\/colido.es\/aula-3d\" target=\"_blank\" rel=\"noopener\">AULA 3D<\/a> es el \u00fanico proyecto integral para el uso de la impresi\u00f3n 3D en los colegios. Un sistema diferencial que aprovecha todas las posibilidades pedag\u00f3gicas de las impresoras 3D. Un proyecto totalmente personalizado para cada centro cuyo eje se basa en la formaci\u00f3n al profesorado y en el apoyo pedag\u00f3gico.<\/p>\n<p style=\"text-align: justify;\">En CoLiDo hemos desarrollado un plan totalmente estructurado que permite al profesorado contar con una gu\u00eda de actividades que integran esta tecnolog\u00eda con el normal desarrollo del contenido curricular del curso. He de indicar que para el desarrollo de esta parte del proyecto hemos contado con la colaboraci\u00f3n de los mejores expertos en esta materia. De esta manera contamos con un convenio con el M\u00e1ster en Innovaci\u00f3n Tecnol\u00f3gica en Educaci\u00f3n de la Universidad Cat\u00f3lica de Valencia San Vicente M\u00e1rtir que han sido los encargados de elaborar m\u00e1s de cien actividades did\u00e1cticas. Actividades que abarcan desde Educaci\u00f3n Infantil a Bachillerato y que incluyen todas las \u00e1reas del conocimiento.<\/p>\n<div id=\"attachment_31456\" style=\"width: 710px\" class=\"wp-caption aligncenter\"><img loading=\"lazy\" decoding=\"async\" aria-describedby=\"caption-attachment-31456\" class=\"size-full wp-image-31456\" src=\"https:\/\/www.3dnatives.com\/es\/wp-content\/uploads\/sites\/4\/article_Aula3D4.jpg\" alt=\"\" width=\"700\" height=\"400\" srcset=\"https:\/\/www.3dnatives.com\/es\/wp-content\/uploads\/sites\/4\/article_Aula3D4.jpg 700w, https:\/\/www.3dnatives.com\/es\/wp-content\/uploads\/sites\/4\/article_Aula3D4-300x171.jpg 300w, https:\/\/www.3dnatives.com\/es\/wp-content\/uploads\/sites\/4\/article_Aula3D4-160x91.jpg 160w\" sizes=\"auto, (max-width: 700px) 100vw, 700px\" \/><p id=\"caption-attachment-31456\" class=\"wp-caption-text\">CoLiDO prepara cientos de formaciones did\u00e1cticas para sacar el mejor provecho de sus m\u00e1quinas en la educaci\u00f3n<\/p><\/div>\n<p style=\"text-align: justify;\">Asimismo, contamos con un elemento totalmente diferenciador. Me refiero al software <a href=\"http:\/\/colido.es\/dibuprint-3d\" target=\"_blank\" rel=\"noopener\">DIBUPRINT 3D<\/a>. Un <a href=\"https:\/\/www.3dnatives.com\/es\/dibuprint-3d-software-130920172\/\">programa desarrollado para acercar el dise\u00f1o 3D<\/a> a los m\u00e1s peque\u00f1os. Un software directo e intuitivo que permite a cualquier usuario sin conocimientos previos de modelado en 3D, llevar a una impresora 3D su dise\u00f1o en papel con un solo click.<\/p>\n<p style=\"text-align: justify;\">En definitiva, estamos ante un sistema transversal que a\u00fana el mejor equipamiento en impresi\u00f3n 3D, una gran dotaci\u00f3n inicial de consumibles, un software espec\u00edfico, una gu\u00eda de uso did\u00e1ctico mediante numeras actividades preparadas por profesionales de la educaci\u00f3n y un completo proceso formativo y de seguimiento inicial. Este proyecto, l\u00f3gicamente, est\u00e1 obteniendo una muy buena acogida en los centros educativos espa\u00f1oles. Actualmente contamos con Aulas 3D totalmente montadas y en funcionamiento distribuidas por toda la pen\u00ednsula e, incluso, en Canarias.<\/p>\n<p><img loading=\"lazy\" decoding=\"async\" class=\"aligncenter size-full wp-image-31450\" src=\"https:\/\/www.3dnatives.com\/es\/wp-content\/uploads\/sites\/4\/article_Aula3D2.jpg\" alt=\"\" width=\"700\" height=\"400\" srcset=\"https:\/\/www.3dnatives.com\/es\/wp-content\/uploads\/sites\/4\/article_Aula3D2.jpg 700w, https:\/\/www.3dnatives.com\/es\/wp-content\/uploads\/sites\/4\/article_Aula3D2-300x171.jpg 300w, https:\/\/www.3dnatives.com\/es\/wp-content\/uploads\/sites\/4\/article_Aula3D2-160x91.jpg 160w\" sizes=\"auto, (max-width: 700px) 100vw, 700px\" \/><\/p>\n<h4 style=\"text-align: justify;\">3DN: \u00bfCu\u00e1les son las perspectivas a futuro y los pr\u00f3ximos desarrollos de Aula 3D?<\/h4>\n<p style=\"text-align: justify;\">El AULA 3D es un proyecto vivo. Un proyecto permanentemente en desarrollo. Un proyecto, en definitiva, que crece con los propios centros educativos. De este modo vamos a aprovechar SIMO Educaci\u00f3n para presentar la nueva y renovada AULA 3D. En la que el seguimiento y acompa\u00f1amiento al centro se incrementa significativamente, din\u00e1mica que permite incorporar la impresi\u00f3n 3D en los colegios y contar con nuevo equipamiento de impresoras 3D todos los a\u00f1os. Una apuesta por el reciclaje y la formaci\u00f3n continuada a lo largo del tiempo que confirmar\u00e1 al centro como la referencia en el uso de la impresi\u00f3n 3D en las aulas.<\/p>\n<p style=\"text-align: justify;\">Nuestro objetivo es seguir dotando de contenido pedag\u00f3gico al AULA 3D para que las impresoras 3D sean un elemento en el aula al nivel de una pantalla interactiva, una pizarra electr\u00f3nica o una tablet. Un reto dif\u00edcil, pero que estamos comenzando a hacer realidad.<\/p>\n<p><img loading=\"lazy\" decoding=\"async\" class=\"aligncenter size-full wp-image-31452\" src=\"https:\/\/www.3dnatives.com\/es\/wp-content\/uploads\/sites\/4\/article_Aula3D3.jpg\" alt=\"\" width=\"700\" height=\"400\" srcset=\"https:\/\/www.3dnatives.com\/es\/wp-content\/uploads\/sites\/4\/article_Aula3D3.jpg 700w, https:\/\/www.3dnatives.com\/es\/wp-content\/uploads\/sites\/4\/article_Aula3D3-300x171.jpg 300w, https:\/\/www.3dnatives.com\/es\/wp-content\/uploads\/sites\/4\/article_Aula3D3-160x91.jpg 160w\" sizes=\"auto, (max-width: 700px) 100vw, 700px\" \/><\/p>\n<p style=\"text-align: justify;\">Hemos visto que el AULA 3D apuesta por el uso integral de la tecnolog\u00eda 3D. Por ese motivo estamos embarcados en nuevos desarrollos de <a href=\"http:\/\/colido.es\/dibuprint-3d\" target=\"_blank\" rel=\"noopener\">DIBUPRINT 3D<\/a>, un software cuyo crecimiento est\u00e1 siendo imparable. Adem\u00e1s estamos empezando a realizar proyectos personalizados para colegios en los que incluimos esc\u00e1neres 3D de \u00faltima generaci\u00f3n.<\/p>\n<h4 style=\"text-align: justify;\">3DN: \u00bfTienes algunas \u00faltimas palabras para nuestros lectores? (Aqu\u00ed puedes invitar a los lectores a SIMO Educaci\u00f3n).<\/h4>\n<p style=\"text-align: justify;\">Simplemente indicarles que estamos ante una tecnolog\u00eda que ha venido para quedarse. Una tecnolog\u00eda que est\u00e1 cambiando los conceptos sobre los procesos productivos y de comercializaci\u00f3n a nivel mundial. Por ese motivo es tan importante formarse, conocer a fondo la impresi\u00f3n 3D.<\/p>\n<p style=\"text-align: justify;\">Solo me queda invitar a vuestros lectores a que nos visiten en esta edici\u00f3n de SIMO Educaci\u00f3n, donde podr\u00e1n conocer todas las novedades y soluciones que CoLiDo ofrece para incorporar la impresi\u00f3n 3D en los colegios.<\/p>\n<p><iframe loading=\"lazy\" src=\"https:\/\/www.youtube.com\/embed\/1-dK-BSzVM4\" width=\"700\" height=\"400\" frameborder=\"0\" allowfullscreen=\"allowfullscreen\"><\/iframe><\/p>\n<p>Para m\u00e1s informaci\u00f3n sobre AULA 3D y como incorporar la impresi\u00f3n 3D en los colegios visita el <a href=\"http:\/\/colido.es\/aula-3d\" target=\"_blank\" rel=\"noopener\">sitio oficial de CoLiDo<\/a>.<\/p>\n<p style=\"text-align: justify;\">\u00bfInteresado en la impresi\u00f3n 3D y quieres saber m\u00e1s?\u00a0No te pierdas nuestra selecci\u00f3n con f<a href=\"https:\/\/www.3dnatives.com\/es\/formacion-impresion-3d-curso-espana-050920182\/\" target=\"_blank\" rel=\"noopener\">ormaciones en impresi\u00f3n 3D y cursos de impresi\u00f3n 3D<\/a>. S\u00edguenos en<strong>\u00a0<a href=\"https:\/\/www.facebook.com\/3Dnativeses?fref=nf\">Facebook<\/a><\/strong>,\u00a0<strong><a href=\"https:\/\/twitter.com\/3Dnatives_ES\">Twitter<\/a><\/strong>\u00a0y\u00a0<strong><a href=\"https:\/\/www.3dnatives.com\/es\/feed\/\">RSS<\/a>.<\/strong><\/p>\n","protected":false},"excerpt":{"rendered":"<p>El d\u00eda de hoy da comienzo SIMO Educaci\u00f3n la feria espa\u00f1ola que muestra el futuro y la evoluci\u00f3n de la educaci\u00f3n, futuro en el que incorporar la impresi\u00f3n 3D en los colegios ha llegado a tener una posici\u00f3n prioritaria en&hellip;<\/p>\n","protected":false},"author":6026,"featured_media":32459,"comment_status":"open","ping_status":"open","sticky":false,"template":"","format":"standard","meta":{"_acf_changed":false,"content-type":"","footnotes":""},"categories":[16,10],"tags":[],"class_list":["post-31381","post","type-post","status-publish","format-standard","has-post-thumbnail","hentry","category-actualidad","category-entrevistas"],"acf":[],"_links":{"self":[{"href":"https:\/\/www.3dnatives.com\/es\/wp-json\/wp\/v2\/posts\/31381","targetHints":{"allow":["GET"]}}],"collection":[{"href":"https:\/\/www.3dnatives.com\/es\/wp-json\/wp\/v2\/posts"}],"about":[{"href":"https:\/\/www.3dnatives.com\/es\/wp-json\/wp\/v2\/types\/post"}],"author":[{"embeddable":true,"href":"https:\/\/www.3dnatives.com\/es\/wp-json\/wp\/v2\/users\/6026"}],"replies":[{"embeddable":true,"href":"https:\/\/www.3dnatives.com\/es\/wp-json\/wp\/v2\/comments?post=31381"}],"version-history":[{"count":2,"href":"https:\/\/www.3dnatives.com\/es\/wp-json\/wp\/v2\/posts\/31381\/revisions"}],"predecessor-version":[{"id":35814,"href":"https:\/\/www.3dnatives.com\/es\/wp-json\/wp\/v2\/posts\/31381\/revisions\/35814"}],"wp:featuredmedia":[{"embeddable":true,"href":"https:\/\/www.3dnatives.com\/es\/wp-json\/wp\/v2\/media\/32459"}],"wp:attachment":[{"href":"https:\/\/www.3dnatives.com\/es\/wp-json\/wp\/v2\/media?parent=31381"}],"wp:term":[{"taxonomy":"category","embeddable":true,"href":"https:\/\/www.3dnatives.com\/es\/wp-json\/wp\/v2\/categories?post=31381"},{"taxonomy":"post_tag","embeddable":true,"href":"https:\/\/www.3dnatives.com\/es\/wp-json\/wp\/v2\/tags?post=31381"}],"curies":[{"name":"wp","href":"https:\/\/api.w.org\/{rel}","templated":true}]}}