{"id":55727,"date":"2024-05-14T15:00:37","date_gmt":"2024-05-14T13:00:37","guid":{"rendered":"https:\/\/www.3dnatives.com\/de\/?p=55727"},"modified":"2024-05-03T11:53:02","modified_gmt":"2024-05-03T09:53:02","slug":"additiv-design-world-event-140520241","status":"publish","type":"post","link":"https:\/\/www.3dnatives.com\/de\/additiv-design-world-event-140520241\/","title":{"rendered":"ADDITIV Design World, das virtuelle Event f\u00fcr Design in der additiven Fertigung"},"content":{"rendered":"<p style=\"text-align: justify;\">Nach dem Erfolg unserer fr\u00fcheren virtuellen ADDITIV-Veranstaltungen, welche Fachleute aus dem Bereich der additiven Fertigung mit wichtigen Akteuren aus verschiedenen Branchen zusammengebracht haben, ist die f\u00fchrende virtuelle Veranstaltungsplattform f\u00fcr die additive Fertigung mit einer neuen Ausgabe zur\u00fcck! Dieses Mal k\u00f6nnen Sie <strong>am 23. Mai von 15:00 &#8211; 19:00 Uhr<\/strong> an der allerersten Ausgabe von <strong>ADDITIV Design World<\/strong> teilnehmen, einer halbt\u00e4gigen virtuellen Veranstaltung, die sich mit der Rolle des Designs im 3D-Druck besch\u00e4ftigt. Wir erwarten \u00fcber 500 Teilnehmer an diesem Nachmittag voller Podiumsdiskussionen, Workshops und Networking. <a href=\"https:\/\/www.additiv.events\/design-world-registration\"><strong>Nehmen Sie kostenlos teil!\u00a0<\/strong><\/a><\/p>\n<p style=\"text-align: justify;\">Das Design ist eine Schl\u00fcsselphase des 3D-Drucks, denn es ist der erste Schritt in der Wertsch\u00f6pfungskette und eine grundlegende Etappe, wenn es darum geht, ein qualitativ hochwertiges Teil zu erhalten. Dazu geh\u00f6rt nat\u00fcrlich auch das <a href=\"https:\/\/www.3dnatives.com\/de\/10-gruende-warum-dfam-im-3d-druck-wichtig-ist-120320241\/\">DfAM<\/a> (Design for Additive Manufacturing), das eine Reihe von bew\u00e4hrten Verfahren und Regeln umfasst, die bei der Herstellung eines Teils durch <a href=\"https:\/\/www.3dnatives.com\/de\/additive-fertigung\/\">additive Fertigung<\/a> ber\u00fccksichtigt werden m\u00fcssen. Es ist von grundlegender Bedeutung, um die besten Ergebnisse in Bezug auf Effizienz, Nachhaltigkeit und Leistung des Teils zu erzielen. Aber wie genau beeinflusst das Design eines Produkts die Wahl des Fertigungsverfahrens? Wie kann DfAM dazu beitragen, die Leistung eines Teils zu verbessern? Was sind die interessantesten und innovativsten Entwicklungen im Bereich Design und 3D-Druck? Erfahren Sie die Antworten auf diese Fragen und mehr im Rahmen von ADDITIV Design World.<\/p>\n<div id=\"attachment_54196\" style=\"width: 710px\" class=\"wp-caption aligncenter\"><img loading=\"lazy\" decoding=\"async\" aria-describedby=\"caption-attachment-54196\" class=\"wp-image-54196 size-full\" src=\"https:\/\/www.3dnatives.com\/en\/wp-content\/uploads\/sites\/2\/2024\/02\/ADDITIVDesignWorld.jpg\" alt=\"\" width=\"700\" height=\"400\" \/><p id=\"caption-attachment-54196\" class=\"wp-caption-text\">Bei ADDITIV Design World erfahren Sie mehr \u00fcber die verschiedenen M\u00f6glichkeiten, wie Design im 3D-Druck eingesetzt wird.<\/p><\/div>\n<h3 style=\"text-align: justify;\">Was k\u00f6nnen Sie von ADDITIV Design World erwarten?<\/h3>\n<p style=\"text-align: justify;\">Im Mittelpunkt von ADDITIV Design World stehen Workshops und Podiumsdiskussionen, von denen jeweils drei \u00fcber den ganzen halben Tag verteilt stattfinden werden. In den Podiumsdiskussionen werden renommierte Redner verschiedene Aspekte des Designs f\u00fcr die additive Fertigung beleuchten, darunter <a href=\"https:\/\/www.3dnatives.com\/de\/digitale-zwillinge-im-3d-druck-270620231\/\">digitale Zwillinge<\/a>, <a href=\"https:\/\/www.3dnatives.com\/de\/ranking-topologieoptimierung-software-230920211\/\">topologische Optimierung<\/a>, Gitterstrukturen, Biomimikry, Reverse Engineering und vieles mehr! In den Workshops wird ein Experte einen Vortrag zu einem bestimmten Thema halten, um zu verstehen, wie man eine bestimmte Software verwendet, oder um Anwendungsf\u00e4lle zu entdecken. Alle Vortr\u00e4ge werden auf Englisch stattfinden.<\/p><div class=\"dnati-inside-article\" id=\"dnati-451562022\"><a data-no-instant=\"1\" href=\"https:\/\/app.swapcard.com\/event\/additiv-defense-2026\" rel=\"noopener\" class=\"a2t-link\" target=\"_blank\" aria-label=\"LB (4)\"><img loading=\"lazy\" decoding=\"async\" src=\"https:\/\/www.3dnatives.com\/de\/wp-content\/uploads\/sites\/3\/2026\/04\/LB-4.gif\" alt=\"\"  width=\"850\" height=\"150\"   \/><\/a><\/div>\n<p style=\"text-align: justify;\">Die virtuelle Veranstaltung beginnt mit einer Er\u00f6ffnungsrede, bevor es zum ersten Panel des Tages geht: &#8222;<em>How Does Freedom in Part Design Impact Production?<\/em>&#8220; Alle Podiumsdiskussionen dauern 40 Minuten und werden von einem 20-min\u00fctigen Workshop gefolgt. Die zweite Konferenz befasst sich mit dem Thema der Steigerung der Leistung eines Teils durch DfAM, w\u00e4hrend unsere Referenten im dritten und letzten Panel \u00fcber die Zukunft des Designs in der additiven Fertigung diskutieren. Weitere Informationen finden Sie in der Agenda <a href=\"https:\/\/www.additiv.events\/design-world-agenda\" target=\"_blank\" rel=\"noopener\">HIER<\/a>.<\/p>\n<p style=\"text-align: justify;\">Zu den Partnern und Sponsoren der ADDITIV Design World z\u00e4hlen bereits <a href=\"https:\/\/evolveadditive.com\/\">Evolve Additive Solutions<\/a>, Plastics Engineering, IAM3DHUB, SPE, AMGTA, Wevolver, 3DPrint, Voxelmatters, Design Wanted und viele mehr! Dar\u00fcber hinaus werden f\u00fchrende Unternehmen und Institutionen des Sektors an den Podiumsdiskussionen und Workshops teilnehmen, darunter die NASA, das U.S. Army DEVCOM Soldier Center, das Modeunternehmen <a href=\"https:\/\/www.3dnatives.com\/de\/designerin-liliach-porges-achterbahn-3d-druck-220220241\/\">PROCODE_DRESS<\/a>, die Loughborough School of Design and Creative Arts, das Fraunhofer-Institut und viele mehr!<\/p>\n<div id=\"attachment_70736\" style=\"width: 710px\" class=\"wp-caption aligncenter\"><img loading=\"lazy\" decoding=\"async\" aria-describedby=\"caption-attachment-70736\" class=\"wp-image-70736 size-full\" src=\"https:\/\/www.3dnatives.com\/wp-content\/uploads\/2022\/05\/additiv_design1.jpg\" sizes=\"auto, (max-width: 700px) 100vw, 700px\" srcset=\"https:\/\/www.3dnatives.com\/wp-content\/uploads\/2022\/05\/additiv_design1.jpg 700w, https:\/\/www.3dnatives.com\/wp-content\/uploads\/2022\/05\/additiv_design1-600x343.jpg 600w, https:\/\/www.3dnatives.com\/wp-content\/uploads\/2022\/05\/additiv_design1-160x91.jpg 160w\" alt=\"\" width=\"700\" height=\"400\" aria-describedby=\"caption-attachment-70736\" \/><p id=\"caption-attachment-70736\" class=\"wp-caption-text\">Podiumsdiskussionen und Workshops erm\u00f6glichen es Ihnen, Designtools f\u00fcr die additive Fertigung und reale Anwendungen zu entdecken.<\/p><\/div>\n<p style=\"text-align: justify;\">Alex Martel, CEO von 3Dnatives, fasst zusammen: &#8222;<em>Wir freuen uns sehr, diese erste Ausgabe der ADDITIV Design World zu veranstalten. Wir sind der Meinung, dass diese Veranstaltung f\u00fcr den Markt der additiven Fertigung unerl\u00e4sslich ist, da das Design ein wichtiges Glied in der Wertsch\u00f6pfungskette ist. Heute gibt es immer mehr L\u00f6sungen f\u00fcr DfAM, und wir freuen uns darauf, diese mit der gesamten AM- und Design-Gemeinschaft durch diese virtuelle Veranstaltung zu teilen. Wir freuen uns darauf, Sie am 23. Mai zu sehen!<\/em>&#8220; <a href=\"https:\/\/www.additiv.events\/design-world\">HIER<\/a> finden Sie mehr zur Veranstaltung.<\/p>\n<p style=\"text-align: justify;\">Werden Sie an ADDITIV Design World teilnehmen? Lassen Sie uns dazu gerne einen Kommentar da oder teilen Sie uns Ihre Meinung auf <a href=\"https:\/\/www.facebook.com\/3Dnativesde\/\">Facebook<\/a>\u00a0oder\u00a0<a href=\"https:\/\/www.linkedin.com\/groups\/13502336\/\">LinkedIN<\/a>\u00a0mit. M\u00f6chten Sie au\u00dferdem eine Zusammenfassung der wichtigsten Neuigkeiten im 3D-Druck und der additiven Fertigung direkt und bequem in Ihr Postfach erhalten? Dann registrieren Sie sich jetzt f\u00fcr unseren\u00a0<a href=\"https:\/\/www.3dnatives.com\/de\/3d-druck-newsletter\/\">w\u00f6chentlichen Newsletter<\/a>.<\/p>\n","protected":false},"excerpt":{"rendered":"<p>Nach dem Erfolg unserer fr\u00fcheren virtuellen ADDITIV-Veranstaltungen, welche Fachleute aus dem Bereich der additiven Fertigung mit wichtigen Akteuren aus verschiedenen Branchen zusammengebracht haben, ist die f\u00fchrende virtuelle Veranstaltungsplattform f\u00fcr die additive Fertigung mit einer neuen Ausgabe zur\u00fcck! Dieses Mal k\u00f6nnen&hellip;<\/p>\n","protected":false},"author":6102,"featured_media":55728,"comment_status":"open","ping_status":"open","sticky":false,"template":"","format":"standard","meta":{"_acf_changed":false,"content-type":"","footnotes":""},"categories":[49,43,31],"tags":[],"class_list":["post-55727","post","type-post","status-publish","format-standard","has-post-thumbnail","hentry","category-aktuelles","category-art-design","category-designkunst"],"acf":[],"_links":{"self":[{"href":"https:\/\/www.3dnatives.com\/de\/wp-json\/wp\/v2\/posts\/55727","targetHints":{"allow":["GET"]}}],"collection":[{"href":"https:\/\/www.3dnatives.com\/de\/wp-json\/wp\/v2\/posts"}],"about":[{"href":"https:\/\/www.3dnatives.com\/de\/wp-json\/wp\/v2\/types\/post"}],"author":[{"embeddable":true,"href":"https:\/\/www.3dnatives.com\/de\/wp-json\/wp\/v2\/users\/6102"}],"replies":[{"embeddable":true,"href":"https:\/\/www.3dnatives.com\/de\/wp-json\/wp\/v2\/comments?post=55727"}],"version-history":[{"count":1,"href":"https:\/\/www.3dnatives.com\/de\/wp-json\/wp\/v2\/posts\/55727\/revisions"}],"predecessor-version":[{"id":55729,"href":"https:\/\/www.3dnatives.com\/de\/wp-json\/wp\/v2\/posts\/55727\/revisions\/55729"}],"wp:featuredmedia":[{"embeddable":true,"href":"https:\/\/www.3dnatives.com\/de\/wp-json\/wp\/v2\/media\/55728"}],"wp:attachment":[{"href":"https:\/\/www.3dnatives.com\/de\/wp-json\/wp\/v2\/media?parent=55727"}],"wp:term":[{"taxonomy":"category","embeddable":true,"href":"https:\/\/www.3dnatives.com\/de\/wp-json\/wp\/v2\/categories?post=55727"},{"taxonomy":"post_tag","embeddable":true,"href":"https:\/\/www.3dnatives.com\/de\/wp-json\/wp\/v2\/tags?post=55727"}],"curies":[{"name":"wp","href":"https:\/\/api.w.org\/{rel}","templated":true}]}}