{"id":14533,"date":"2018-09-17T00:01:27","date_gmt":"2018-09-16T22:01:27","guid":{"rendered":"https:\/\/www.3dnatives.com\/de\/?p=14533"},"modified":"2024-02-20T15:53:02","modified_gmt":"2024-02-20T14:53:02","slug":"3d-druck-bei-bmw-170920181","status":"publish","type":"post","link":"https:\/\/www.3dnatives.com\/de\/3d-druck-bei-bmw-170920181\/","title":{"rendered":"Wie wird der 3D-Druck bei BMW genutzt?"},"content":{"rendered":"<p style=\"text-align: justify;\">Von BMW haben wir bereits einiges hinsichtlich der additiven Fertigung geh\u00f6rt. Erst letztens gewannen sie f\u00fcr die Anwendung der neuen Technologie beim BMW i8 Roadster den <a href=\"https:\/\/www.3dnatives.com\/de\/altair-enlighten-award-2018-220820181\/\">Altair Enlighten Award<\/a>. Es ist nicht verwunderlich, dass sie innerhalb der neuen Technologie so erfolgreich sind. Bereits 25 Jahre besch\u00e4ftigt sich das Unternehmen mit der additiven Fertigung und entwickelten zahlreiche spannende Projekte, unter anderem den <a href=\"https:\/\/www.3dnatives.com\/de\/bmw-campus-additive-fertigung-230420181\/\">Campus f\u00fcr additive Fertigung<\/a>, eine komplex gestaltete <a href=\"https:\/\/www.3dnatives.com\/de\/3d-gedrucktes-motorrad-bmw-300420181\/\">Motorradkarosserie<\/a>\u00a0und der personalisierte\u00a0<a href=\"https:\/\/www.3dnatives.com\/de\/mini030120181\/\">MINI<\/a>.<\/p>\n<p style=\"text-align: justify;\">Der Entwicklung ist noch lange kein Ende gesetzt und um mehr \u00fcber den 3D-Druck bei BMW zu erfahren, haben wir uns mit Dr. Jens Ertel unterhalten, dem Leiter des Additive Manufacturing Centers der BMW Group. Er ist seit 1995 bei BMW Group t\u00e4tig und wird zuk\u00fcnftig die Leitung des neuen Additive Manufacturing Campus \u00fcbernehmen.<\/p>\n<div id=\"attachment_14642\" style=\"width: 710px\" class=\"wp-caption aligncenter\"><img loading=\"lazy\" decoding=\"async\" aria-describedby=\"caption-attachment-14642\" class=\"size-full wp-image-14642\" src=\"https:\/\/www.3dnatives.com\/de\/wp-content\/uploads\/sites\/3\/BMW-1-1.jpg\" alt=\"\" width=\"700\" height=\"400\" srcset=\"https:\/\/www.3dnatives.com\/de\/wp-content\/uploads\/sites\/3\/BMW-1-1.jpg 700w, https:\/\/www.3dnatives.com\/de\/wp-content\/uploads\/sites\/3\/BMW-1-1-600x343.jpg 600w, https:\/\/www.3dnatives.com\/de\/wp-content\/uploads\/sites\/3\/BMW-1-1-160x91.jpg 160w, https:\/\/www.3dnatives.com\/de\/wp-content\/uploads\/sites\/3\/BMW-1-1-300x171.jpg 300w\" sizes=\"auto, (max-width: 700px) 100vw, 700px\" \/><p id=\"caption-attachment-14642\" class=\"wp-caption-text\">Dr. Jens Ertel<\/p><\/div>\n<h3 style=\"text-align: justify;\"><strong>K\u00f6nnen Sie sich kurz vorstellen und uns erz\u00e4hlen, wie BMW mit der additiven Fertigung in Ber\u00fchrung kam? <\/strong><\/h3>\n<p style=\"text-align: justify;\">Additive Fertigungsverfahren setzen wir bei der BMW Group bereits seit 1991 \u2013 also schon seit \u00fcber 25 Jahren &#8211; ein. Damals haben wir mit der Produktion von Prototypenteilen f\u00fcr Konzeptfahrzeuge angefangen. Dieser sehr fr\u00fche Einsatz von additiven Verfahren hat uns in den vergangenen Jahren zu einem enormen Vorsprung im 3D-Druck-Bereich verholfen.<\/p><div class=\"dnati-inside-article\" id=\"dnati-2962004829\"><a data-no-instant=\"1\" href=\"https:\/\/app.swapcard.com\/event\/additiv-defense-2026\" rel=\"noopener\" class=\"a2t-link\" target=\"_blank\" aria-label=\"LB (4)\"><img loading=\"lazy\" decoding=\"async\" src=\"https:\/\/www.3dnatives.com\/de\/wp-content\/uploads\/sites\/3\/2026\/04\/LB-4.gif\" alt=\"\"  width=\"850\" height=\"150\"   \/><\/a><\/div>\n<h3 style=\"text-align: justify;\"><strong>In welchen Bereichen nutzt BMW gezielt die additive Fertigung? Welche Vorteile bietet der Einsatz von 3D-Druck insbesondere im Automobilbereich gegen\u00fcber herk\u00f6mmlichen Fertigungsprozessen? <\/strong><\/h3>\n<p style=\"text-align: justify;\">Heute ist unser Aufgabenbereich sehr viel vielf\u00e4ltiger und reicht von Ersatzteilen f\u00fcr klassische Fahrzeuge \u00fcber Werkzeuge bis hin zu Teilen, die wir f\u00fcr die Serienproduktion von Fahrzeugen produzieren. Durch die hohe Gestaltungsfreiheit von additiv gefertigten Bauteilen, ergeben sich neue Konstruktionsans\u00e4tze, die neue Designs und Funktionen erm\u00f6glichen. Seit neuestem haben unsere <a href=\"https:\/\/www.3dnatives.com\/de\/mini030120181\/\">MINI<\/a>-Kunden sogar die M\u00f6glichkeit, die Dekorleiste f\u00fcr die Beifahrerseite im Innenraum und die Einleger des Seitenblinkers selbst zu designen. Die Teile werden dann bei uns individuell gedruckt. Im Vergleich zu herk\u00f6mmlichen Produktionsmethoden sind Bauteile innerhalb von wenigen Tagen verf\u00fcgbar. Bei herk\u00f6mmlichen Verfahren m\u00fcssen wir immer die Herstellungszeit von Werkzeugen einkalkulieren.<\/p>\n<div id=\"attachment_14541\" style=\"width: 710px\" class=\"wp-caption aligncenter\"><img loading=\"lazy\" decoding=\"async\" aria-describedby=\"caption-attachment-14541\" class=\"wp-image-14541 size-full\" src=\"https:\/\/www.3dnatives.com\/de\/wp-content\/uploads\/sites\/3\/BMW-Mini.jpg\" alt=\"3D-Druck bei BMW\" width=\"700\" height=\"400\" srcset=\"https:\/\/www.3dnatives.com\/de\/wp-content\/uploads\/sites\/3\/BMW-Mini.jpg 700w, https:\/\/www.3dnatives.com\/de\/wp-content\/uploads\/sites\/3\/BMW-Mini-600x343.jpg 600w, https:\/\/www.3dnatives.com\/de\/wp-content\/uploads\/sites\/3\/BMW-Mini-160x91.jpg 160w, https:\/\/www.3dnatives.com\/de\/wp-content\/uploads\/sites\/3\/BMW-Mini-300x171.jpg 300w\" sizes=\"auto, (max-width: 700px) 100vw, 700px\" \/><p id=\"caption-attachment-14541\" class=\"wp-caption-text\">personalisiert Dekorleiste im neuen MINI<\/p><\/div>\n<p style=\"text-align: justify;\">Mittlerweile bearbeiten wir in unserem Additive Manufacturing Center j\u00e4hrlich etwa 30.000 Prototypenauftr\u00e4ge und produzieren mehr als 140.000 Bauteile. Hierzu setzen wir auf der einen Seite \u201estate-of-the-art\u201c 3D-Drucktechnologien ein, aber wir forschen auch gemeinsam mit externen Partnern an neuen Technologien.<\/p>\n<h3 style=\"text-align: justify;\"><strong>K\u00f6nnen Sie uns etwas genauer in das Projekt des 3D-gedruckten Motorradrahmens einf\u00fchren? Welche Technologien, Materialien und Prozesse wurden f\u00fcr dieses spezifische Projekt verwendet? <\/strong><\/h3>\n<p style=\"text-align: justify;\">Unsere Experten von BMW Motorrad, aus dem Fachbereich der Additiven Fertigung sowie des Generative Designs haben an einer Konzeptstudie gearbeitet und gemeinsam Ideen entwickelt, wie Motorradrahmen k\u00fcnftig aussehen k\u00f6nnen. Basierend auf den Anforderungen hinsichtlich der Steifigkeit und des Gewichts des Bauteils haben sie mithilfe von Generative Design-Algorithmen eine komplexe Struktur entwickelt. Da die Geometrie dieses Bauteils sehr komplex ist, kam f\u00fcr uns nur die Herstellung im 3D-Druck-Verfahren in Frage. Die Konzeptstudie wurde einmalig durch selektives Laserstrahlschmelzen aus Aluminium hergestellt.<\/p>\n<p><img loading=\"lazy\" decoding=\"async\" class=\"aligncenter wp-image-14543 size-full\" src=\"https:\/\/www.3dnatives.com\/de\/wp-content\/uploads\/sites\/3\/BMW-Motorradrahmen.jpg\" alt=\"3D-Druck bei BMW\" width=\"700\" height=\"400\" srcset=\"https:\/\/www.3dnatives.com\/de\/wp-content\/uploads\/sites\/3\/BMW-Motorradrahmen.jpg 700w, https:\/\/www.3dnatives.com\/de\/wp-content\/uploads\/sites\/3\/BMW-Motorradrahmen-600x343.jpg 600w, https:\/\/www.3dnatives.com\/de\/wp-content\/uploads\/sites\/3\/BMW-Motorradrahmen-160x91.jpg 160w, https:\/\/www.3dnatives.com\/de\/wp-content\/uploads\/sites\/3\/BMW-Motorradrahmen-300x171.jpg 300w\" sizes=\"auto, (max-width: 700px) 100vw, 700px\" \/><\/p>\n<p style=\"text-align: justify;\">Es handelt sich um ein Forschungsprojekt und das Motorrad kann nicht k\u00e4uflich erworben werden.<\/p>\n<h3 style=\"text-align: justify;\"><strong>Vor kurzem k\u00fcndigte Ihr Unternehmen die Er\u00f6ffnung eines additiven Fertigungscampus im Jahr 2019 an. Welche Visionen stehen dahinter? Und global gesehen, wie sehen Sie die Zukunft von 3D-Druck in der Automobilindustrie (Mass Customization, Herstellung Ersatzteile, On Demand Supply Chain &#8230;) <\/strong><\/h3>\n<p style=\"text-align: justify;\">Im neuen AM Campus\u00a0werden wir unsere Kompetenz in der additiven Fertigung weiter ausbauen. Schwerpunkt des Campus wird die Produktion von Teilen f\u00fcr die Prototypenfertigung, f\u00fcr die Serienproduktion und von individualisierten Fahrzeugteilen sein. In eigenen Vorentwicklungsbereichen werden neue Technologien von Tech Start-Ups wie Desktop Metal oder Carbon erprobt und zur Serienreife gebracht. Wir werden dort auch neue Automatisierungskonzepte umsetzen, die die wirtschaftliche Fertigung von Serienkomponenten erm\u00f6glichen und damit bei der Beschleunigung der Fahrzeugentwicklung helfen.<\/p>\n<div id=\"attachment_14544\" style=\"width: 710px\" class=\"wp-caption aligncenter\"><img loading=\"lazy\" decoding=\"async\" aria-describedby=\"caption-attachment-14544\" class=\"wp-image-14544 size-full\" src=\"https:\/\/www.3dnatives.com\/de\/wp-content\/uploads\/sites\/3\/bmw2-1.jpg\" alt=\"3D-Druck bei BMW\" width=\"700\" height=\"400\" srcset=\"https:\/\/www.3dnatives.com\/de\/wp-content\/uploads\/sites\/3\/bmw2-1.jpg 700w, https:\/\/www.3dnatives.com\/de\/wp-content\/uploads\/sites\/3\/bmw2-1-600x343.jpg 600w, https:\/\/www.3dnatives.com\/de\/wp-content\/uploads\/sites\/3\/bmw2-1-160x91.jpg 160w, https:\/\/www.3dnatives.com\/de\/wp-content\/uploads\/sites\/3\/bmw2-1-300x171.jpg 300w\" sizes=\"auto, (max-width: 700px) 100vw, 700px\" \/><p id=\"caption-attachment-14544\" class=\"wp-caption-text\">Zuk\u00fcnftiger Campus f\u00fcr die additive Fertigung<\/p><\/div>\n<p style=\"text-align: justify;\">Synergien erwarten wir aus gemeinsamen Projekten in der gesamten Prozesskette, angefangen vom Werkstoff \u00fcber Anlagentechnik bis hin zu IT-Systemen. Unsere Partner lernen dadurch die Anforderungen aus der Automobilproduktion kennen und wir lernen &#8211; durch einen fr\u00fchen Zugang zu neuen Technologien &#8211; verfahrensspezifische Besonderheiten von Anfang an zu ber\u00fccksichtigen.<\/p>\n<p style=\"text-align: justify;\">Innerhalb unseres Produktionsnetzwerks wird der neue Campus wie ein Pilotwerk neue Technologien der additiven Fertigung vorantreiben und diese dann dem Netzwerk zur Verf\u00fcgung stellen.<\/p>\n<p style=\"text-align: justify;\">Um mehr \u00fcber den 3D-Druck bei BMW zu erfahren, besuchen Sie Ihre <a href=\"https:\/\/www.bmw.com\/en\/innovation\/3d-print.html\" target=\"_blank\" rel=\"noopener\">offizielle Website<\/a> und verfolgen Sie die neusten Pressemitteilungen.<\/p>\n<p style=\"text-align: justify;\">Was halten Sie von der Umsetzung der 3D-Technologie bei BMW? Teilen Sie uns Ihre Meinung mit und hinterlassen Sie uns ein Kommentar unten oder auf\u00a0<a href=\"https:\/\/www.facebook.com\/3Dnativesde\/\" target=\"_blank\" rel=\"noopener\">Facebook<\/a>,\u00a0<a href=\"https:\/\/twitter.com\/3Dnatives_DE?lang=en\" target=\"_blank\" rel=\"noopener\">Twitter<\/a>\u00a0oder\u00a0<a href=\"https:\/\/plus.google.com\/b\/110137870176740423201\/+3DnativesDeutschland\" target=\"_blank\" rel=\"noopener\">Google+<\/a>. Und denken Sie daran sich f\u00fcr unseren\u00a0<a href=\"https:\/\/www.3dnatives.com\/de\/3d-druck-newsletter\/\" target=\"_blank\" rel=\"noopener\">w\u00f6chentlichen Newsletter<\/a>\u00a0kostenlos anzumelden, um keine Neuigkeiten im 3D-Druck mehr zu verpassen!<\/p>\n","protected":false},"excerpt":{"rendered":"<p>Von BMW haben wir bereits einiges hinsichtlich der additiven Fertigung geh\u00f6rt. Erst letztens gewannen sie f\u00fcr die Anwendung der neuen Technologie beim BMW i8 Roadster den Altair Enlighten Award. Es ist nicht verwunderlich, dass sie innerhalb der neuen Technologie so&hellip;<\/p>\n","protected":false},"author":6061,"featured_media":14632,"comment_status":"open","ping_status":"open","sticky":false,"template":"","format":"standard","meta":{"_acf_changed":false,"content-type":"","footnotes":""},"categories":[49,152,10,41],"tags":[],"class_list":["post-14533","post","type-post","status-publish","format-standard","has-post-thumbnail","hentry","category-aktuelles","category-automotive","category-interviews","category-transport"],"acf":[],"_links":{"self":[{"href":"https:\/\/www.3dnatives.com\/de\/wp-json\/wp\/v2\/posts\/14533","targetHints":{"allow":["GET"]}}],"collection":[{"href":"https:\/\/www.3dnatives.com\/de\/wp-json\/wp\/v2\/posts"}],"about":[{"href":"https:\/\/www.3dnatives.com\/de\/wp-json\/wp\/v2\/types\/post"}],"author":[{"embeddable":true,"href":"https:\/\/www.3dnatives.com\/de\/wp-json\/wp\/v2\/users\/6061"}],"replies":[{"embeddable":true,"href":"https:\/\/www.3dnatives.com\/de\/wp-json\/wp\/v2\/comments?post=14533"}],"version-history":[{"count":2,"href":"https:\/\/www.3dnatives.com\/de\/wp-json\/wp\/v2\/posts\/14533\/revisions"}],"predecessor-version":[{"id":14646,"href":"https:\/\/www.3dnatives.com\/de\/wp-json\/wp\/v2\/posts\/14533\/revisions\/14646"}],"wp:featuredmedia":[{"embeddable":true,"href":"https:\/\/www.3dnatives.com\/de\/wp-json\/wp\/v2\/media\/14632"}],"wp:attachment":[{"href":"https:\/\/www.3dnatives.com\/de\/wp-json\/wp\/v2\/media?parent=14533"}],"wp:term":[{"taxonomy":"category","embeddable":true,"href":"https:\/\/www.3dnatives.com\/de\/wp-json\/wp\/v2\/categories?post=14533"},{"taxonomy":"post_tag","embeddable":true,"href":"https:\/\/www.3dnatives.com\/de\/wp-json\/wp\/v2\/tags?post=14533"}],"curies":[{"name":"wp","href":"https:\/\/api.w.org\/{rel}","templated":true}]}}